{"id":3430,"date":"2025-10-10T13:00:09","date_gmt":"2025-10-10T11:00:09","guid":{"rendered":"https:\/\/www.twincityhub.eu\/2025\/10\/10\/kvantove-inovacie-nepoznaju-hranice-a-vieden-je-priamo-v-centre-diania\/"},"modified":"2025-10-10T17:48:24","modified_gmt":"2025-10-10T15:48:24","slug":"kvantove-inovacie-nepoznaju-hranice-a-vieden-je-priamo-v-centre-diania","status":"publish","type":"post","link":"https:\/\/www.twincityhub.eu\/sk\/2025\/10\/10\/kvantove-inovacie-nepoznaju-hranice-a-vieden-je-priamo-v-centre-diania\/","title":{"rendered":"Kvantov\u00e9 inov\u00e1cie nepoznaj\u00fa hranice &#8211; a Viede\u0148 je priamo v centre diania!"},"content":{"rendered":"<p>[et_pb_section fb_built=&#8220;1&#8243; _builder_version=&#8220;4.27.4&#8243; _module_preset=&#8220;default&#8220; background_enable_color=&#8220;off&#8220; locked=&#8220;off&#8220; collapsed=&#8220;off&#8220; global_colors_info=&#8220;{}&#8220;][et_pb_row _builder_version=&#8220;4.27.4&#8243; _module_preset=&#8220;default&#8220; global_colors_info=&#8220;{}&#8220;][et_pb_column type=&#8220;4_4&#8243; _builder_version=&#8220;4.27.4&#8243; _module_preset=&#8220;default&#8220; global_colors_info=&#8220;{}&#8220;][et_pb_text admin_label=&#8220;Headline 1&#8243; _builder_version=&#8220;4.27.4&#8243; _module_preset=&#8220;default&#8220; global_colors_info=&#8220;{}&#8220;]<\/p>\n<h1>Twin City Hub @ Vienna Quantum Tech Days 2025  <\/h1>\n<p>[\/et_pb_text][et_pb_text admin_label=&#8220;Text&#8220; _builder_version=&#8220;4.27.4&#8243; _module_preset=&#8220;default&#8220; hover_enabled=&#8220;0&#8243; global_colors_info=&#8220;{}&#8220; sticky_enabled=&#8220;0&#8243;]<\/p>\n<p>Twin City Hub sa 2. a 3. okt\u00f3bra 2025 z\u00fa\u010dastnil na podujat\u00ed Vienna Quantum Tech Days 2025, kde veda, za\u010d\u00ednaj\u00face podniky a politika spolo\u010dne formuj\u00fa bud\u00facnos\u0165 kvantov\u00fdch technol\u00f3gi\u00ed.<\/p>\n<p>Viede\u0148 sa predstavila ako kandid\u00e1t na hub v eur\u00f3pskom kvantovom priestore &#8211; s dosahom a\u017e do regi\u00f3nu Twin City Viede\u0148-Bratislava.<\/p>\n<p>[\/et_pb_text][\/et_pb_column][\/et_pb_row][\/et_pb_section][et_pb_section fb_built=&#8220;1&#8243; _builder_version=&#8220;4.27.4&#8243; _module_preset=&#8220;default&#8220; background_color=&#8220;#F4F1DF&#8220; locked=&#8220;off&#8220; collapsed=&#8220;off&#8220; global_colors_info=&#8220;{}&#8220;][et_pb_row _builder_version=&#8220;4.27.4&#8243; _module_preset=&#8220;default&#8220; collapsed=&#8220;off&#8220; global_colors_info=&#8220;{}&#8220;][et_pb_column type=&#8220;4_4&#8243; _builder_version=&#8220;4.27.4&#8243; _module_preset=&#8220;default&#8220; global_colors_info=&#8220;{}&#8220;][et_pb_image src=&#8220;https:\/\/www.twincityhub.eu\/wp-content\/uploads\/2025\/10\/IMG_8996.jpeg&#8220; title_text=&#8220;IMG_8996&#8243; _builder_version=&#8220;4.27.4&#8243; _module_preset=&#8220;default&#8220; global_colors_info=&#8220;{}&#8220;][\/et_pb_image][\/et_pb_column][\/et_pb_row][\/et_pb_section][et_pb_section fb_built=&#8220;1&#8243; _builder_version=&#8220;4.27.4&#8243; _module_preset=&#8220;default&#8220; background_enable_color=&#8220;off&#8220; locked=&#8220;off&#8220; collapsed=&#8220;off&#8220; global_colors_info=&#8220;{}&#8220;][et_pb_row _builder_version=&#8220;4.27.4&#8243; _module_preset=&#8220;default&#8220; global_colors_info=&#8220;{}&#8220;][et_pb_column type=&#8220;4_4&#8243; _builder_version=&#8220;4.27.4&#8243; _module_preset=&#8220;default&#8220; global_colors_info=&#8220;{}&#8220;][et_pb_text admin_label=&#8220;Headline 2 + Text&#8220; _builder_version=&#8220;4.27.4&#8243; _module_preset=&#8220;default&#8220; global_colors_info=&#8220;{}&#8220;]<\/p>\n<h2>Highlights<\/h2>\n<p>&#8211; Rak\u00fasky kvantov\u00fd ekosyst\u00e9m v eur\u00f3pskom kontexte<br \/>&#8211; K\u013e\u00fa\u010dov\u00e9 predn\u00e1\u0161ky, panely a predstavenie kvantovej v\u00fdpo\u010dtovej techniky a pou\u017eit\u00ed v oblasti komunik\u00e1cie a senzorov<br \/>&#8211; Prezent\u00e1cia startupov v silnej medzin\u00e1rodnej sieti<\/p>\n<p data-start=\"2601\" data-end=\"2788\">\ud83d\udd17 \u010eal\u0161ie inform\u00e1cie:<\/p>\n<p><a href=\"https:\/\/www.b2match.com\/e\/quantum-event-uni-vienna\">https:\/\/www.b2match.com\/e\/quantum-event-uni-vienna<\/a><\/p>\n<p>Projekt <strong>Twin City Hub (2C FIMH)<\/strong> zastupovali projektov\u00ed partneri accent Inkubator, EIT Manufacturing East, Plattform Industrie 4.0 \u00d6sterreich a organiz\u00e1tor Magistr\u00e1t mesta Viede\u0148, oddelenie 23 pre ekonomiku, pr\u00e1cu a \u0161tatistiku. Cie\u013eom projektu je posilni\u0165 inova\u010dn\u00fa spolupr\u00e1cu medzi Rak\u00faskom a Slovenskom.<\/p>\n<p>&nbsp;<\/p>\n<p>[\/et_pb_text][et_pb_text admin_label=&#8220;Headline 2 + Text&#8220; _builder_version=&#8220;4.27.4&#8243; _module_preset=&#8220;default&#8220; global_colors_info=&#8220;{}&#8220;]<\/p>\n<h2>Chcem sa zapoji\u0165:<\/h2>\n<ul>\n<li><a href=\"https:\/\/www.twincityhub.eu\/sk\/\">www.twincityhub.eu<\/a><\/li>\n<li><a href=\"mailto:contact@twincityhub.eu\">contact@twincityhub.eu<\/a><\/li>\n<\/ul>\n<p>[\/et_pb_text][\/et_pb_column][\/et_pb_row][\/et_pb_section]<\/p>\n","protected":false},"excerpt":{"rendered":"<p>Twin City Hub @ Vienna Quantum Tech Days 2025 Twin City Hub sa 2. a 3. okt\u00f3bra 2025 z\u00fa\u010dastnil na podujat\u00ed Vienna Quantum Tech Days 2025, kde veda, za\u010d\u00ednaj\u00face podniky a politika spolo\u010dne formuj\u00fa bud\u00facnos\u0165 kvantov\u00fdch technol\u00f3gi\u00ed. Viede\u0148 sa predstavila ako kandid\u00e1t na hub v eur\u00f3pskom kvantovom priestore &#8211; s dosahom a\u017e do regi\u00f3nu Twin City Viede\u0148-Bratislava.Highlights &#8211; Rak\u00fasky kvantov\u00fd ekosyst\u00e9m v eur\u00f3pskom kontexte- K\u013e\u00fa\u010dov\u00e9 predn\u00e1\u0161ky, panely a predstavenie kvantovej v\u00fdpo\u010dtovej techniky a pou\u017eit\u00ed v oblasti komunik\u00e1cie a senzorov- Prezent\u00e1cia startupov v silnej medzin\u00e1rodnej sieti \ud83d\udd17 \u010eal\u0161ie inform\u00e1cie: https:\/\/www.b2match.com\/e\/quantum-event-uni-vienna Projekt Twin City Hub (2C FIMH) zastupovali projektov\u00ed partneri accent Inkubator, EIT Manufacturing East, Plattform Industrie 4.0 \u00d6sterreich a organiz\u00e1tor Magistr\u00e1t mesta Viede\u0148, oddelenie 23 pre ekonomiku, pr\u00e1cu a \u0161tatistiku. Cie\u013eom projektu je posilni\u0165 inova\u010dn\u00fa spolupr\u00e1cu medzi Rak\u00faskom a Slovenskom. &nbsp;Chcem sa zapoji\u0165: www.twincityhub.eu contact@twincityhub.eu<\/p>\n","protected":false},"author":4,"featured_media":3429,"comment_status":"closed","ping_status":"open","sticky":false,"template":"","format":"standard","meta":{"_acf_changed":false,"_et_pb_use_builder":"on","_et_pb_old_content":"","_et_gb_content_width":"","footnotes":""},"categories":[78,71],"tags":[],"class_list":["post-3430","post","type-post","status-publish","format-standard","has-post-thumbnail","hentry","category-news-sk","category-sprava-o-udalosti"],"acf":[],"yoast_head":"<!-- This site is optimized with the Yoast SEO plugin v27.4 - https:\/\/yoast.com\/product\/yoast-seo-wordpress\/ -->\n<title>Kvantov\u00e9 inov\u00e1cie nepoznaj\u00fa hranice - a Viede\u0148 je priamo v centre diania! - Twin City Future Innovation Manufacturing Hub<\/title>\n<meta name=\"robots\" content=\"index, follow, max-snippet:-1, max-image-preview:large, max-video-preview:-1\" \/>\n<link rel=\"canonical\" href=\"https:\/\/www.twincityhub.eu\/en\/2025\/10\/10\/quantum-innovation-knows-no-boundaries-and-vienna-is-right-in-the-middle-of-it\/\" \/>\n<meta property=\"og:locale\" content=\"sk_SK\" \/>\n<meta property=\"og:type\" content=\"article\" \/>\n<meta property=\"og:title\" content=\"Kvantov\u00e9 inov\u00e1cie nepoznaj\u00fa hranice - a Viede\u0148 je priamo v centre diania! - Twin City Future Innovation Manufacturing Hub\" \/>\n<meta property=\"og:description\" content=\"Twin City Hub @ Vienna Quantum Tech Days 2025 Twin City Hub sa 2. a 3. okt\u00f3bra 2025 z\u00fa\u010dastnil na podujat\u00ed Vienna Quantum Tech Days 2025, kde veda, za\u010d\u00ednaj\u00face podniky a politika spolo\u010dne formuj\u00fa bud\u00facnos\u0165 kvantov\u00fdch technol\u00f3gi\u00ed. Viede\u0148 sa predstavila ako kandid\u00e1t na hub v eur\u00f3pskom kvantovom priestore - s dosahom a\u017e do regi\u00f3nu Twin City Viede\u0148-Bratislava.Highlights - Rak\u00fasky kvantov\u00fd ekosyst\u00e9m v eur\u00f3pskom kontexte- K\u013e\u00fa\u010dov\u00e9 predn\u00e1\u0161ky, panely a predstavenie kvantovej v\u00fdpo\u010dtovej techniky a pou\u017eit\u00ed v oblasti komunik\u00e1cie a senzorov- Prezent\u00e1cia startupov v silnej medzin\u00e1rodnej sieti \ud83d\udd17 \u010eal\u0161ie inform\u00e1cie: https:\/\/www.b2match.com\/e\/quantum-event-uni-vienna Projekt Twin City Hub (2C FIMH) zastupovali projektov\u00ed partneri accent Inkubator, EIT Manufacturing East, Plattform Industrie 4.0 \u00d6sterreich a organiz\u00e1tor Magistr\u00e1t mesta Viede\u0148, oddelenie 23 pre ekonomiku, pr\u00e1cu a \u0161tatistiku. Cie\u013eom projektu je posilni\u0165 inova\u010dn\u00fa spolupr\u00e1cu medzi Rak\u00faskom a Slovenskom. &nbsp;Chcem sa zapoji\u0165: www.twincityhub.eu contact@twincityhub.eu\" \/>\n<meta property=\"og:url\" content=\"https:\/\/www.twincityhub.eu\/en\/2025\/10\/10\/quantum-innovation-knows-no-boundaries-and-vienna-is-right-in-the-middle-of-it\/\" \/>\n<meta property=\"og:site_name\" content=\"Twin City Future Innovation Manufacturing Hub\" \/>\n<meta property=\"article:published_time\" content=\"2025-10-10T11:00:09+00:00\" \/>\n<meta property=\"article:modified_time\" content=\"2025-10-10T15:48:24+00:00\" \/>\n<meta property=\"og:image\" content=\"https:\/\/www.twincityhub.eu\/wp-content\/uploads\/2025\/10\/IMG_8990.jpeg\" \/>\n\t<meta property=\"og:image:width\" content=\"2048\" \/>\n\t<meta property=\"og:image:height\" content=\"1536\" \/>\n\t<meta property=\"og:image:type\" content=\"image\/jpeg\" \/>\n<meta name=\"author\" content=\"Katarina Bendikova\" \/>\n<meta name=\"twitter:card\" content=\"summary_large_image\" \/>\n<meta name=\"twitter:label1\" content=\"Autor\" \/>\n\t<meta name=\"twitter:data1\" content=\"Katarina Bendikova\" \/>\n\t<meta name=\"twitter:label2\" content=\"Predpokladan\u00fd \u010das \u010d\u00edtania\" \/>\n\t<meta name=\"twitter:data2\" content=\"2 min\u00faty\" \/>\n<script type=\"application\/ld+json\" class=\"yoast-schema-graph\">{\"@context\":\"https:\\\/\\\/schema.org\",\"@graph\":[{\"@type\":\"Article\",\"@id\":\"https:\\\/\\\/www.twincityhub.eu\\\/en\\\/2025\\\/10\\\/10\\\/quantum-innovation-knows-no-boundaries-and-vienna-is-right-in-the-middle-of-it\\\/#article\",\"isPartOf\":{\"@id\":\"https:\\\/\\\/www.twincityhub.eu\\\/en\\\/2025\\\/10\\\/10\\\/quantum-innovation-knows-no-boundaries-and-vienna-is-right-in-the-middle-of-it\\\/\"},\"author\":{\"name\":\"Katarina Bendikova\",\"@id\":\"https:\\\/\\\/www.twincityhub.eu\\\/#\\\/schema\\\/person\\\/c479f3c2d41a4fe4962c946b90369967\"},\"headline\":\"Kvantov\u00e9 inov\u00e1cie nepoznaj\u00fa hranice &#8211; a Viede\u0148 je priamo v centre diania!\",\"datePublished\":\"2025-10-10T11:00:09+00:00\",\"dateModified\":\"2025-10-10T15:48:24+00:00\",\"mainEntityOfPage\":{\"@id\":\"https:\\\/\\\/www.twincityhub.eu\\\/en\\\/2025\\\/10\\\/10\\\/quantum-innovation-knows-no-boundaries-and-vienna-is-right-in-the-middle-of-it\\\/\"},\"wordCount\":444,\"publisher\":{\"@id\":\"https:\\\/\\\/www.twincityhub.eu\\\/#organization\"},\"image\":{\"@id\":\"https:\\\/\\\/www.twincityhub.eu\\\/en\\\/2025\\\/10\\\/10\\\/quantum-innovation-knows-no-boundaries-and-vienna-is-right-in-the-middle-of-it\\\/#primaryimage\"},\"thumbnailUrl\":\"https:\\\/\\\/www.twincityhub.eu\\\/wp-content\\\/uploads\\\/2025\\\/10\\\/IMG_8990.jpeg\",\"articleSection\":[\"News\",\"Spr\u00e1va o udalosti\"],\"inLanguage\":\"sk-SK\"},{\"@type\":\"WebPage\",\"@id\":\"https:\\\/\\\/www.twincityhub.eu\\\/en\\\/2025\\\/10\\\/10\\\/quantum-innovation-knows-no-boundaries-and-vienna-is-right-in-the-middle-of-it\\\/\",\"url\":\"https:\\\/\\\/www.twincityhub.eu\\\/en\\\/2025\\\/10\\\/10\\\/quantum-innovation-knows-no-boundaries-and-vienna-is-right-in-the-middle-of-it\\\/\",\"name\":\"Kvantov\u00e9 inov\u00e1cie nepoznaj\u00fa hranice - a Viede\u0148 je priamo v centre diania! - Twin City Future Innovation Manufacturing Hub\",\"isPartOf\":{\"@id\":\"https:\\\/\\\/www.twincityhub.eu\\\/#website\"},\"primaryImageOfPage\":{\"@id\":\"https:\\\/\\\/www.twincityhub.eu\\\/en\\\/2025\\\/10\\\/10\\\/quantum-innovation-knows-no-boundaries-and-vienna-is-right-in-the-middle-of-it\\\/#primaryimage\"},\"image\":{\"@id\":\"https:\\\/\\\/www.twincityhub.eu\\\/en\\\/2025\\\/10\\\/10\\\/quantum-innovation-knows-no-boundaries-and-vienna-is-right-in-the-middle-of-it\\\/#primaryimage\"},\"thumbnailUrl\":\"https:\\\/\\\/www.twincityhub.eu\\\/wp-content\\\/uploads\\\/2025\\\/10\\\/IMG_8990.jpeg\",\"datePublished\":\"2025-10-10T11:00:09+00:00\",\"dateModified\":\"2025-10-10T15:48:24+00:00\",\"breadcrumb\":{\"@id\":\"https:\\\/\\\/www.twincityhub.eu\\\/en\\\/2025\\\/10\\\/10\\\/quantum-innovation-knows-no-boundaries-and-vienna-is-right-in-the-middle-of-it\\\/#breadcrumb\"},\"inLanguage\":\"sk-SK\",\"potentialAction\":[{\"@type\":\"ReadAction\",\"target\":[\"https:\\\/\\\/www.twincityhub.eu\\\/en\\\/2025\\\/10\\\/10\\\/quantum-innovation-knows-no-boundaries-and-vienna-is-right-in-the-middle-of-it\\\/\"]}]},{\"@type\":\"ImageObject\",\"inLanguage\":\"sk-SK\",\"@id\":\"https:\\\/\\\/www.twincityhub.eu\\\/en\\\/2025\\\/10\\\/10\\\/quantum-innovation-knows-no-boundaries-and-vienna-is-right-in-the-middle-of-it\\\/#primaryimage\",\"url\":\"https:\\\/\\\/www.twincityhub.eu\\\/wp-content\\\/uploads\\\/2025\\\/10\\\/IMG_8990.jpeg\",\"contentUrl\":\"https:\\\/\\\/www.twincityhub.eu\\\/wp-content\\\/uploads\\\/2025\\\/10\\\/IMG_8990.jpeg\",\"width\":2048,\"height\":1536},{\"@type\":\"BreadcrumbList\",\"@id\":\"https:\\\/\\\/www.twincityhub.eu\\\/en\\\/2025\\\/10\\\/10\\\/quantum-innovation-knows-no-boundaries-and-vienna-is-right-in-the-middle-of-it\\\/#breadcrumb\",\"itemListElement\":[{\"@type\":\"ListItem\",\"position\":1,\"name\":\"Startseite\",\"item\":\"https:\\\/\\\/www.twincityhub.eu\\\/sk\\\/\"},{\"@type\":\"ListItem\",\"position\":2,\"name\":\"Kvantov\u00e9 inov\u00e1cie nepoznaj\u00fa hranice &#8211; a Viede\u0148 je priamo v centre diania!\"}]},{\"@type\":\"WebSite\",\"@id\":\"https:\\\/\\\/www.twincityhub.eu\\\/#website\",\"url\":\"https:\\\/\\\/www.twincityhub.eu\\\/\",\"name\":\"Twin City Future Innovation Manufacturing Hub\",\"description\":\"2C FIMH\",\"publisher\":{\"@id\":\"https:\\\/\\\/www.twincityhub.eu\\\/#organization\"},\"potentialAction\":[{\"@type\":\"SearchAction\",\"target\":{\"@type\":\"EntryPoint\",\"urlTemplate\":\"https:\\\/\\\/www.twincityhub.eu\\\/?s={search_term_string}\"},\"query-input\":{\"@type\":\"PropertyValueSpecification\",\"valueRequired\":true,\"valueName\":\"search_term_string\"}}],\"inLanguage\":\"sk-SK\"},{\"@type\":\"Organization\",\"@id\":\"https:\\\/\\\/www.twincityhub.eu\\\/#organization\",\"name\":\"Twin City Future Innovation Manufacturing Hub\",\"url\":\"https:\\\/\\\/www.twincityhub.eu\\\/\",\"logo\":{\"@type\":\"ImageObject\",\"inLanguage\":\"sk-SK\",\"@id\":\"https:\\\/\\\/www.twincityhub.eu\\\/#\\\/schema\\\/logo\\\/image\\\/\",\"url\":\"https:\\\/\\\/www.twincityhub.eu\\\/wp-content\\\/uploads\\\/2025\\\/03\\\/TCH_V2_co-branding_landscape_DE-scaled.png\",\"contentUrl\":\"https:\\\/\\\/www.twincityhub.eu\\\/wp-content\\\/uploads\\\/2025\\\/03\\\/TCH_V2_co-branding_landscape_DE-scaled.png\",\"width\":2560,\"height\":508,\"caption\":\"Twin City Future Innovation Manufacturing Hub\"},\"image\":{\"@id\":\"https:\\\/\\\/www.twincityhub.eu\\\/#\\\/schema\\\/logo\\\/image\\\/\"},\"sameAs\":[\"https:\\\/\\\/www.linkedin.com\\\/company\\\/twin-city-future-innovation-manufacturing-hub\\\/\",\"https:\\\/\\\/www.youtube.com\\\/@TwinCityHubSKAT\"]},{\"@type\":\"Person\",\"@id\":\"https:\\\/\\\/www.twincityhub.eu\\\/#\\\/schema\\\/person\\\/c479f3c2d41a4fe4962c946b90369967\",\"name\":\"Katarina Bendikova\",\"image\":{\"@type\":\"ImageObject\",\"inLanguage\":\"sk-SK\",\"@id\":\"https:\\\/\\\/secure.gravatar.com\\\/avatar\\\/7056a6ac6a5f1b430179a21814fa3e0225cc1ff339ed21b6a57db959f4ee8017?s=96&d=mm&r=g\",\"url\":\"https:\\\/\\\/secure.gravatar.com\\\/avatar\\\/7056a6ac6a5f1b430179a21814fa3e0225cc1ff339ed21b6a57db959f4ee8017?s=96&d=mm&r=g\",\"contentUrl\":\"https:\\\/\\\/secure.gravatar.com\\\/avatar\\\/7056a6ac6a5f1b430179a21814fa3e0225cc1ff339ed21b6a57db959f4ee8017?s=96&d=mm&r=g\",\"caption\":\"Katarina Bendikova\"},\"url\":\"https:\\\/\\\/www.twincityhub.eu\\\/sk\\\/author\\\/katarina-bendikova\\\/\"}]}<\/script>\n<!-- \/ Yoast SEO plugin. -->","yoast_head_json":{"title":"Kvantov\u00e9 inov\u00e1cie nepoznaj\u00fa hranice - a Viede\u0148 je priamo v centre diania! - Twin City Future Innovation Manufacturing Hub","robots":{"index":"index","follow":"follow","max-snippet":"max-snippet:-1","max-image-preview":"max-image-preview:large","max-video-preview":"max-video-preview:-1"},"canonical":"https:\/\/www.twincityhub.eu\/en\/2025\/10\/10\/quantum-innovation-knows-no-boundaries-and-vienna-is-right-in-the-middle-of-it\/","og_locale":"sk_SK","og_type":"article","og_title":"Kvantov\u00e9 inov\u00e1cie nepoznaj\u00fa hranice - a Viede\u0148 je priamo v centre diania! - Twin City Future Innovation Manufacturing Hub","og_description":"Twin City Hub @ Vienna Quantum Tech Days 2025 Twin City Hub sa 2. a 3. okt\u00f3bra 2025 z\u00fa\u010dastnil na podujat\u00ed Vienna Quantum Tech Days 2025, kde veda, za\u010d\u00ednaj\u00face podniky a politika spolo\u010dne formuj\u00fa bud\u00facnos\u0165 kvantov\u00fdch technol\u00f3gi\u00ed. Viede\u0148 sa predstavila ako kandid\u00e1t na hub v eur\u00f3pskom kvantovom priestore - s dosahom a\u017e do regi\u00f3nu Twin City Viede\u0148-Bratislava.Highlights - Rak\u00fasky kvantov\u00fd ekosyst\u00e9m v eur\u00f3pskom kontexte- K\u013e\u00fa\u010dov\u00e9 predn\u00e1\u0161ky, panely a predstavenie kvantovej v\u00fdpo\u010dtovej techniky a pou\u017eit\u00ed v oblasti komunik\u00e1cie a senzorov- Prezent\u00e1cia startupov v silnej medzin\u00e1rodnej sieti \ud83d\udd17 \u010eal\u0161ie inform\u00e1cie: https:\/\/www.b2match.com\/e\/quantum-event-uni-vienna Projekt Twin City Hub (2C FIMH) zastupovali projektov\u00ed partneri accent Inkubator, EIT Manufacturing East, Plattform Industrie 4.0 \u00d6sterreich a organiz\u00e1tor Magistr\u00e1t mesta Viede\u0148, oddelenie 23 pre ekonomiku, pr\u00e1cu a \u0161tatistiku. Cie\u013eom projektu je posilni\u0165 inova\u010dn\u00fa spolupr\u00e1cu medzi Rak\u00faskom a Slovenskom. &nbsp;Chcem sa zapoji\u0165: www.twincityhub.eu contact@twincityhub.eu","og_url":"https:\/\/www.twincityhub.eu\/en\/2025\/10\/10\/quantum-innovation-knows-no-boundaries-and-vienna-is-right-in-the-middle-of-it\/","og_site_name":"Twin City Future Innovation Manufacturing Hub","article_published_time":"2025-10-10T11:00:09+00:00","article_modified_time":"2025-10-10T15:48:24+00:00","og_image":[{"width":2048,"height":1536,"url":"https:\/\/www.twincityhub.eu\/wp-content\/uploads\/2025\/10\/IMG_8990.jpeg","type":"image\/jpeg"}],"author":"Katarina Bendikova","twitter_card":"summary_large_image","twitter_misc":{"Autor":"Katarina Bendikova","Predpokladan\u00fd \u010das \u010d\u00edtania":"2 min\u00faty"},"schema":{"@context":"https:\/\/schema.org","@graph":[{"@type":"Article","@id":"https:\/\/www.twincityhub.eu\/en\/2025\/10\/10\/quantum-innovation-knows-no-boundaries-and-vienna-is-right-in-the-middle-of-it\/#article","isPartOf":{"@id":"https:\/\/www.twincityhub.eu\/en\/2025\/10\/10\/quantum-innovation-knows-no-boundaries-and-vienna-is-right-in-the-middle-of-it\/"},"author":{"name":"Katarina Bendikova","@id":"https:\/\/www.twincityhub.eu\/#\/schema\/person\/c479f3c2d41a4fe4962c946b90369967"},"headline":"Kvantov\u00e9 inov\u00e1cie nepoznaj\u00fa hranice &#8211; a Viede\u0148 je priamo v centre diania!","datePublished":"2025-10-10T11:00:09+00:00","dateModified":"2025-10-10T15:48:24+00:00","mainEntityOfPage":{"@id":"https:\/\/www.twincityhub.eu\/en\/2025\/10\/10\/quantum-innovation-knows-no-boundaries-and-vienna-is-right-in-the-middle-of-it\/"},"wordCount":444,"publisher":{"@id":"https:\/\/www.twincityhub.eu\/#organization"},"image":{"@id":"https:\/\/www.twincityhub.eu\/en\/2025\/10\/10\/quantum-innovation-knows-no-boundaries-and-vienna-is-right-in-the-middle-of-it\/#primaryimage"},"thumbnailUrl":"https:\/\/www.twincityhub.eu\/wp-content\/uploads\/2025\/10\/IMG_8990.jpeg","articleSection":["News","Spr\u00e1va o udalosti"],"inLanguage":"sk-SK"},{"@type":"WebPage","@id":"https:\/\/www.twincityhub.eu\/en\/2025\/10\/10\/quantum-innovation-knows-no-boundaries-and-vienna-is-right-in-the-middle-of-it\/","url":"https:\/\/www.twincityhub.eu\/en\/2025\/10\/10\/quantum-innovation-knows-no-boundaries-and-vienna-is-right-in-the-middle-of-it\/","name":"Kvantov\u00e9 inov\u00e1cie nepoznaj\u00fa hranice - a Viede\u0148 je priamo v centre diania! - Twin City Future Innovation Manufacturing Hub","isPartOf":{"@id":"https:\/\/www.twincityhub.eu\/#website"},"primaryImageOfPage":{"@id":"https:\/\/www.twincityhub.eu\/en\/2025\/10\/10\/quantum-innovation-knows-no-boundaries-and-vienna-is-right-in-the-middle-of-it\/#primaryimage"},"image":{"@id":"https:\/\/www.twincityhub.eu\/en\/2025\/10\/10\/quantum-innovation-knows-no-boundaries-and-vienna-is-right-in-the-middle-of-it\/#primaryimage"},"thumbnailUrl":"https:\/\/www.twincityhub.eu\/wp-content\/uploads\/2025\/10\/IMG_8990.jpeg","datePublished":"2025-10-10T11:00:09+00:00","dateModified":"2025-10-10T15:48:24+00:00","breadcrumb":{"@id":"https:\/\/www.twincityhub.eu\/en\/2025\/10\/10\/quantum-innovation-knows-no-boundaries-and-vienna-is-right-in-the-middle-of-it\/#breadcrumb"},"inLanguage":"sk-SK","potentialAction":[{"@type":"ReadAction","target":["https:\/\/www.twincityhub.eu\/en\/2025\/10\/10\/quantum-innovation-knows-no-boundaries-and-vienna-is-right-in-the-middle-of-it\/"]}]},{"@type":"ImageObject","inLanguage":"sk-SK","@id":"https:\/\/www.twincityhub.eu\/en\/2025\/10\/10\/quantum-innovation-knows-no-boundaries-and-vienna-is-right-in-the-middle-of-it\/#primaryimage","url":"https:\/\/www.twincityhub.eu\/wp-content\/uploads\/2025\/10\/IMG_8990.jpeg","contentUrl":"https:\/\/www.twincityhub.eu\/wp-content\/uploads\/2025\/10\/IMG_8990.jpeg","width":2048,"height":1536},{"@type":"BreadcrumbList","@id":"https:\/\/www.twincityhub.eu\/en\/2025\/10\/10\/quantum-innovation-knows-no-boundaries-and-vienna-is-right-in-the-middle-of-it\/#breadcrumb","itemListElement":[{"@type":"ListItem","position":1,"name":"Startseite","item":"https:\/\/www.twincityhub.eu\/sk\/"},{"@type":"ListItem","position":2,"name":"Kvantov\u00e9 inov\u00e1cie nepoznaj\u00fa hranice &#8211; a Viede\u0148 je priamo v centre diania!"}]},{"@type":"WebSite","@id":"https:\/\/www.twincityhub.eu\/#website","url":"https:\/\/www.twincityhub.eu\/","name":"Twin City Future Innovation Manufacturing Hub","description":"2C FIMH","publisher":{"@id":"https:\/\/www.twincityhub.eu\/#organization"},"potentialAction":[{"@type":"SearchAction","target":{"@type":"EntryPoint","urlTemplate":"https:\/\/www.twincityhub.eu\/?s={search_term_string}"},"query-input":{"@type":"PropertyValueSpecification","valueRequired":true,"valueName":"search_term_string"}}],"inLanguage":"sk-SK"},{"@type":"Organization","@id":"https:\/\/www.twincityhub.eu\/#organization","name":"Twin City Future Innovation Manufacturing Hub","url":"https:\/\/www.twincityhub.eu\/","logo":{"@type":"ImageObject","inLanguage":"sk-SK","@id":"https:\/\/www.twincityhub.eu\/#\/schema\/logo\/image\/","url":"https:\/\/www.twincityhub.eu\/wp-content\/uploads\/2025\/03\/TCH_V2_co-branding_landscape_DE-scaled.png","contentUrl":"https:\/\/www.twincityhub.eu\/wp-content\/uploads\/2025\/03\/TCH_V2_co-branding_landscape_DE-scaled.png","width":2560,"height":508,"caption":"Twin City Future Innovation Manufacturing Hub"},"image":{"@id":"https:\/\/www.twincityhub.eu\/#\/schema\/logo\/image\/"},"sameAs":["https:\/\/www.linkedin.com\/company\/twin-city-future-innovation-manufacturing-hub\/","https:\/\/www.youtube.com\/@TwinCityHubSKAT"]},{"@type":"Person","@id":"https:\/\/www.twincityhub.eu\/#\/schema\/person\/c479f3c2d41a4fe4962c946b90369967","name":"Katarina Bendikova","image":{"@type":"ImageObject","inLanguage":"sk-SK","@id":"https:\/\/secure.gravatar.com\/avatar\/7056a6ac6a5f1b430179a21814fa3e0225cc1ff339ed21b6a57db959f4ee8017?s=96&d=mm&r=g","url":"https:\/\/secure.gravatar.com\/avatar\/7056a6ac6a5f1b430179a21814fa3e0225cc1ff339ed21b6a57db959f4ee8017?s=96&d=mm&r=g","contentUrl":"https:\/\/secure.gravatar.com\/avatar\/7056a6ac6a5f1b430179a21814fa3e0225cc1ff339ed21b6a57db959f4ee8017?s=96&d=mm&r=g","caption":"Katarina Bendikova"},"url":"https:\/\/www.twincityhub.eu\/sk\/author\/katarina-bendikova\/"}]}},"_links":{"self":[{"href":"https:\/\/www.twincityhub.eu\/sk\/wp-json\/wp\/v2\/posts\/3430","targetHints":{"allow":["GET"]}}],"collection":[{"href":"https:\/\/www.twincityhub.eu\/sk\/wp-json\/wp\/v2\/posts"}],"about":[{"href":"https:\/\/www.twincityhub.eu\/sk\/wp-json\/wp\/v2\/types\/post"}],"author":[{"embeddable":true,"href":"https:\/\/www.twincityhub.eu\/sk\/wp-json\/wp\/v2\/users\/4"}],"replies":[{"embeddable":true,"href":"https:\/\/www.twincityhub.eu\/sk\/wp-json\/wp\/v2\/comments?post=3430"}],"version-history":[{"count":4,"href":"https:\/\/www.twincityhub.eu\/sk\/wp-json\/wp\/v2\/posts\/3430\/revisions"}],"predecessor-version":[{"id":3438,"href":"https:\/\/www.twincityhub.eu\/sk\/wp-json\/wp\/v2\/posts\/3430\/revisions\/3438"}],"wp:featuredmedia":[{"embeddable":true,"href":"https:\/\/www.twincityhub.eu\/sk\/wp-json\/wp\/v2\/media\/3429"}],"wp:attachment":[{"href":"https:\/\/www.twincityhub.eu\/sk\/wp-json\/wp\/v2\/media?parent=3430"}],"wp:term":[{"taxonomy":"category","embeddable":true,"href":"https:\/\/www.twincityhub.eu\/sk\/wp-json\/wp\/v2\/categories?post=3430"},{"taxonomy":"post_tag","embeddable":true,"href":"https:\/\/www.twincityhub.eu\/sk\/wp-json\/wp\/v2\/tags?post=3430"}],"curies":[{"name":"wp","href":"https:\/\/api.w.org\/{rel}","templated":true}]}}